{"id":2826,"date":"2022-01-20T12:40:34","date_gmt":"2022-01-20T11:40:34","guid":{"rendered":"https:\/\/www.chu-hugo.fr\/accueil\/?p=2826"},"modified":"2022-01-20T12:40:35","modified_gmt":"2022-01-20T11:40:35","slug":"le-gcs-hugo-vous-presente-ses-meilleurs-voeux","status":"publish","type":"post","link":"https:\/\/www.chu-hugo.fr\/accueil\/2022\/01\/20\/le-gcs-hugo-vous-presente-ses-meilleurs-voeux\/","title":{"rendered":"Le GCS HUGO vous pr\u00e9sente ses meilleurs v\u0153ux !"},"content":{"rendered":"\n<p><\/p>\n\n\n\n<p class=\"has-medium-font-size\">Nous vous souhaitons une <strong>excellente ann\u00e9e 2022<\/strong>, propice \u00e0 l\u2019\u00e9mergence, le d\u00e9ploiement et l\u2019aboutissement des projets de vos \u00e9tablissements, et de ceux que nous menons ensemble au sein d\u2019HUGO.<\/p>\n\n\n\n<p class=\"has-medium-font-size\">Le dynamisme de notre action collective ne s\u2019est pas d\u00e9menti en 2021, malgr\u00e9 la crise sanitaire, avec des r\u00e9alisations majeures, comme\u00a0:<\/p>\n\n\n\n<p class=\"has-black-color has-text-color has-medium-font-size\">&#8211;\u00a0\u00a0\u00a0\u00a0\u00a0\u00a0\u00a0\u00a0\u00a0 L\u2019initiation de nos <strong>quatre projets interr\u00e9gionaux<\/strong> sur donn\u00e9es massives, qui concr\u00e9tisent le OuestDataHub, gr\u00e2ce \u00e0 l\u2019autorisation d\u00e9livr\u00e9e par la CNIL.<\/p>\n\n\n\n<p class=\"has-black-color has-text-color has-medium-font-size\">&#8211;\u00a0\u00a0\u00a0\u00a0\u00a0\u00a0\u00a0\u00a0\u00a0 La d\u00e9signation des <strong>huit FHU laur\u00e9ates<\/strong> de l\u2019appel \u00e0 projet organis\u00e9 sous l\u2019\u00e9gide du GCS HUGO en collaboration avec AViesan et les universit\u00e9s.<\/p>\n\n\n\n<p class=\"has-black-color has-text-color has-medium-font-size\">&#8211;\u00a0\u00a0\u00a0\u00a0\u00a0\u00a0\u00a0\u00a0\u00a0 La concr\u00e9tisation du <strong>prototype de la chambre innovante adapt\u00e9e au Grand \u00e2ge <\/strong>hospi\u2019senior, d\u00e9velopp\u00e9e avec l\u2019Ecole du Design de Nantes Atlantiques et nos partenaires industriels.<\/p>\n\n\n\n<p class=\"has-black-color has-text-color has-medium-font-size\">&#8211;\u00a0\u00a0\u00a0\u00a0\u00a0\u00a0\u00a0\u00a0\u00a0 Le succ\u00e8s du <strong>deuxi\u00e8me S\u00e9minaire HUGO<\/strong>, de la <strong>journ\u00e9e interr\u00e9gionale Simulation<\/strong> et de la <strong>journ\u00e9e du GIRCI<\/strong>, \u00e9v\u00e9nements qui ont rassembl\u00e9 pr\u00e8s de 400 participants.<\/p>\n\n\n\n<p class=\"has-black-color has-text-color has-medium-font-size\">&#8211;\u00a0\u00a0\u00a0\u00a0\u00a0\u00a0\u00a0\u00a0\u00a0 La conduite du <strong>premier appel d\u2019offres<\/strong> de <strong>recherche en soins primaires<\/strong>\u2026<\/p>\n\n\n\n<p class=\"has-medium-font-size\">L\u2019ann\u00e9e 2022 est d\u2019ores et d\u00e9j\u00e0 riche en perspectives. Au-del\u00e0 de la poursuite des nombreux travaux engag\u00e9s, elle sera marqu\u00e9e par la pr\u00e9paration d\u2019un nouveau projet strat\u00e9gique, dont certaines nouvelles perspectives sont d\u00e9j\u00e0 en germe,&nbsp;notamment autour des enjeux de prospective, d\u2019attractivit\u00e9, d\u2019innovation dans les champs de la p\u00e9dagogie, des espaces hospitaliers, des organisations\u2026<\/p>\n\n\n\n<p class=\"has-text-align-center has-luminous-vivid-orange-color has-text-color has-medium-font-size\"><strong>Nous ne doutons pas que l\u2019implication de tous nous permettra <\/strong><\/p>\n\n\n\n<p class=\"has-text-align-center has-luminous-vivid-orange-color has-text-color has-medium-font-size\"><strong>de franchir de nouveaux caps\u00a0!<\/strong><\/p>\n\n\n\n<p class=\"has-medium-font-size\">C\u00e9cile Jaglin-Grimonprez\/Alain Saraux<\/p>\n\n\n\n<p class=\"has-medium-font-size\">Et l\u2019\u00e9quipe de coordination HUGO-GIRCI<\/p>\n\n\n\n<figure class=\"wp-block-video\"><video controls src=\"https:\/\/www.girci-go.org\/wp-content\/uploads\/sites\/3\/2022\/01\/voeux-2022-blanc.mp4\"><\/video><\/figure>\n\n\n\n<p><\/p>\n","protected":false},"excerpt":{"rendered":"<p>Nous vous souhaitons une excellente ann\u00e9e 2022, propice \u00e0 l\u2019\u00e9mergence, le d\u00e9ploiement et l\u2019aboutissement des projets de vos \u00e9tablissements, et de ceux que nous menons ensemble au sein d\u2019HUGO. Le dynamisme de notre action collective ne s\u2019est pas d\u00e9menti en 2021, malgr\u00e9 la crise sanitaire, avec des r\u00e9alisations majeures, comme\u00a0: &#8211;\u00a0\u00a0\u00a0\u00a0\u00a0\u00a0\u00a0\u00a0\u00a0 L\u2019initiation de nos quatre&hellip;<\/p>\n","protected":false},"author":8,"featured_media":2827,"comment_status":"closed","ping_status":"closed","sticky":false,"template":"","format":"standard","meta":{"_acf_changed":false,"footnotes":""},"categories":[1],"tags":[],"class_list":["post-2826","post","type-post","status-publish","format-standard","has-post-thumbnail","hentry","category-evenements"],"acf":[],"yoast_head":"<!-- This site is optimized with the Yoast SEO plugin v25.1 - https:\/\/yoast.com\/wordpress\/plugins\/seo\/ -->\n<title>Le GCS HUGO vous pr\u00e9sente ses meilleurs v\u0153ux ! - Accueil GCS HUGO<\/title>\n<meta name=\"robots\" content=\"index, follow, max-snippet:-1, max-image-preview:large, max-video-preview:-1\" \/>\n<link rel=\"canonical\" href=\"https:\/\/www.chu-hugo.fr\/accueil\/2022\/01\/20\/le-gcs-hugo-vous-presente-ses-meilleurs-voeux\/\" \/>\n<meta property=\"og:locale\" content=\"fr_FR\" \/>\n<meta property=\"og:type\" content=\"article\" \/>\n<meta property=\"og:title\" content=\"Le GCS HUGO vous pr\u00e9sente ses meilleurs v\u0153ux ! - Accueil GCS HUGO\" \/>\n<meta property=\"og:description\" content=\"Nous vous souhaitons une excellente ann\u00e9e 2022, propice \u00e0 l\u2019\u00e9mergence, le d\u00e9ploiement et l\u2019aboutissement des projets de vos \u00e9tablissements, et de ceux que nous menons ensemble au sein d\u2019HUGO. Le dynamisme de notre action collective ne s\u2019est pas d\u00e9menti en 2021, malgr\u00e9 la crise sanitaire, avec des r\u00e9alisations majeures, comme\u00a0: &#8211;\u00a0\u00a0\u00a0\u00a0\u00a0\u00a0\u00a0\u00a0\u00a0 L\u2019initiation de nos quatre&hellip;\" \/>\n<meta property=\"og:url\" content=\"https:\/\/www.chu-hugo.fr\/accueil\/2022\/01\/20\/le-gcs-hugo-vous-presente-ses-meilleurs-voeux\/\" \/>\n<meta property=\"og:site_name\" content=\"Accueil GCS HUGO\" \/>\n<meta property=\"article:published_time\" content=\"2022-01-20T11:40:34+00:00\" \/>\n<meta property=\"article:modified_time\" content=\"2022-01-20T11:40:35+00:00\" \/>\n<meta property=\"og:image\" content=\"https:\/\/www.chu-hugo.fr\/accueil\/wp-content\/uploads\/sites\/2\/2022\/01\/voeux2022.jpg\" \/>\n\t<meta property=\"og:image:width\" content=\"794\" \/>\n\t<meta property=\"og:image:height\" content=\"797\" \/>\n\t<meta property=\"og:image:type\" content=\"image\/jpeg\" \/>\n<meta name=\"author\" content=\"fpaolantoni\" \/>\n<meta name=\"twitter:card\" content=\"summary_large_image\" \/>\n<meta name=\"twitter:label1\" content=\"\u00c9crit par\" \/>\n\t<meta name=\"twitter:data1\" content=\"fpaolantoni\" \/>\n\t<meta name=\"twitter:label2\" content=\"Dur\u00e9e de lecture estim\u00e9e\" \/>\n\t<meta name=\"twitter:data2\" content=\"2 minutes\" \/>\n<script type=\"application\/ld+json\" class=\"yoast-schema-graph\">{\"@context\":\"https:\/\/schema.org\",\"@graph\":[{\"@type\":\"WebPage\",\"@id\":\"https:\/\/www.chu-hugo.fr\/accueil\/2022\/01\/20\/le-gcs-hugo-vous-presente-ses-meilleurs-voeux\/\",\"url\":\"https:\/\/www.chu-hugo.fr\/accueil\/2022\/01\/20\/le-gcs-hugo-vous-presente-ses-meilleurs-voeux\/\",\"name\":\"Le GCS HUGO vous pr\u00e9sente ses meilleurs v\u0153ux ! - Accueil GCS HUGO\",\"isPartOf\":{\"@id\":\"https:\/\/www.chu-hugo.fr\/accueil\/#website\"},\"primaryImageOfPage\":{\"@id\":\"https:\/\/www.chu-hugo.fr\/accueil\/2022\/01\/20\/le-gcs-hugo-vous-presente-ses-meilleurs-voeux\/#primaryimage\"},\"image\":{\"@id\":\"https:\/\/www.chu-hugo.fr\/accueil\/2022\/01\/20\/le-gcs-hugo-vous-presente-ses-meilleurs-voeux\/#primaryimage\"},\"thumbnailUrl\":\"https:\/\/www.chu-hugo.fr\/accueil\/wp-content\/uploads\/sites\/2\/2022\/01\/voeux2022.jpg\",\"datePublished\":\"2022-01-20T11:40:34+00:00\",\"dateModified\":\"2022-01-20T11:40:35+00:00\",\"author\":{\"@id\":\"https:\/\/www.chu-hugo.fr\/accueil\/#\/schema\/person\/c617814b73a37e5c239215d4853437f4\"},\"breadcrumb\":{\"@id\":\"https:\/\/www.chu-hugo.fr\/accueil\/2022\/01\/20\/le-gcs-hugo-vous-presente-ses-meilleurs-voeux\/#breadcrumb\"},\"inLanguage\":\"fr-FR\",\"potentialAction\":[{\"@type\":\"ReadAction\",\"target\":[\"https:\/\/www.chu-hugo.fr\/accueil\/2022\/01\/20\/le-gcs-hugo-vous-presente-ses-meilleurs-voeux\/\"]}]},{\"@type\":\"ImageObject\",\"inLanguage\":\"fr-FR\",\"@id\":\"https:\/\/www.chu-hugo.fr\/accueil\/2022\/01\/20\/le-gcs-hugo-vous-presente-ses-meilleurs-voeux\/#primaryimage\",\"url\":\"https:\/\/www.chu-hugo.fr\/accueil\/wp-content\/uploads\/sites\/2\/2022\/01\/voeux2022.jpg\",\"contentUrl\":\"https:\/\/www.chu-hugo.fr\/accueil\/wp-content\/uploads\/sites\/2\/2022\/01\/voeux2022.jpg\",\"width\":794,\"height\":797},{\"@type\":\"BreadcrumbList\",\"@id\":\"https:\/\/www.chu-hugo.fr\/accueil\/2022\/01\/20\/le-gcs-hugo-vous-presente-ses-meilleurs-voeux\/#breadcrumb\",\"itemListElement\":[{\"@type\":\"ListItem\",\"position\":1,\"name\":\"Accueil\",\"item\":\"https:\/\/www.chu-hugo.fr\/accueil\/\"},{\"@type\":\"ListItem\",\"position\":2,\"name\":\"Ev\u00e9nements\",\"item\":\"https:\/\/www.chu-hugo.fr\/accueil\/category\/evenements\/\"},{\"@type\":\"ListItem\",\"position\":3,\"name\":\"Le GCS HUGO vous pr\u00e9sente ses meilleurs v\u0153ux !\"}]},{\"@type\":\"WebSite\",\"@id\":\"https:\/\/www.chu-hugo.fr\/accueil\/#website\",\"url\":\"https:\/\/www.chu-hugo.fr\/accueil\/\",\"name\":\"Accueil GCS HUGO\",\"description\":\"Un site utilisant Les sites de CHU HUGO\",\"potentialAction\":[{\"@type\":\"SearchAction\",\"target\":{\"@type\":\"EntryPoint\",\"urlTemplate\":\"https:\/\/www.chu-hugo.fr\/accueil\/?s={search_term_string}\"},\"query-input\":{\"@type\":\"PropertyValueSpecification\",\"valueRequired\":true,\"valueName\":\"search_term_string\"}}],\"inLanguage\":\"fr-FR\"},{\"@type\":\"Person\",\"@id\":\"https:\/\/www.chu-hugo.fr\/accueil\/#\/schema\/person\/c617814b73a37e5c239215d4853437f4\",\"name\":\"fpaolantoni\",\"image\":{\"@type\":\"ImageObject\",\"inLanguage\":\"fr-FR\",\"@id\":\"https:\/\/www.chu-hugo.fr\/accueil\/#\/schema\/person\/image\/\",\"url\":\"https:\/\/secure.gravatar.com\/avatar\/f84081f2402841414e3c789999164215de3ec583e12cf3629f927a86ba2d1aeb?s=96&d=mm&r=g\",\"contentUrl\":\"https:\/\/secure.gravatar.com\/avatar\/f84081f2402841414e3c789999164215de3ec583e12cf3629f927a86ba2d1aeb?s=96&d=mm&r=g\",\"caption\":\"fpaolantoni\"},\"url\":\"https:\/\/www.chu-hugo.fr\/accueil\/author\/fpaolantoni\/\"}]}<\/script>\n<!-- \/ Yoast SEO plugin. -->","yoast_head_json":{"title":"Le GCS HUGO vous pr\u00e9sente ses meilleurs v\u0153ux ! - Accueil GCS HUGO","robots":{"index":"index","follow":"follow","max-snippet":"max-snippet:-1","max-image-preview":"max-image-preview:large","max-video-preview":"max-video-preview:-1"},"canonical":"https:\/\/www.chu-hugo.fr\/accueil\/2022\/01\/20\/le-gcs-hugo-vous-presente-ses-meilleurs-voeux\/","og_locale":"fr_FR","og_type":"article","og_title":"Le GCS HUGO vous pr\u00e9sente ses meilleurs v\u0153ux ! - Accueil GCS HUGO","og_description":"Nous vous souhaitons une excellente ann\u00e9e 2022, propice \u00e0 l\u2019\u00e9mergence, le d\u00e9ploiement et l\u2019aboutissement des projets de vos \u00e9tablissements, et de ceux que nous menons ensemble au sein d\u2019HUGO. Le dynamisme de notre action collective ne s\u2019est pas d\u00e9menti en 2021, malgr\u00e9 la crise sanitaire, avec des r\u00e9alisations majeures, comme\u00a0: &#8211;\u00a0\u00a0\u00a0\u00a0\u00a0\u00a0\u00a0\u00a0\u00a0 L\u2019initiation de nos quatre&hellip;","og_url":"https:\/\/www.chu-hugo.fr\/accueil\/2022\/01\/20\/le-gcs-hugo-vous-presente-ses-meilleurs-voeux\/","og_site_name":"Accueil GCS HUGO","article_published_time":"2022-01-20T11:40:34+00:00","article_modified_time":"2022-01-20T11:40:35+00:00","og_image":[{"width":794,"height":797,"url":"https:\/\/www.chu-hugo.fr\/accueil\/wp-content\/uploads\/sites\/2\/2022\/01\/voeux2022.jpg","type":"image\/jpeg"}],"author":"fpaolantoni","twitter_card":"summary_large_image","twitter_misc":{"\u00c9crit par":"fpaolantoni","Dur\u00e9e de lecture estim\u00e9e":"2 minutes"},"schema":{"@context":"https:\/\/schema.org","@graph":[{"@type":"WebPage","@id":"https:\/\/www.chu-hugo.fr\/accueil\/2022\/01\/20\/le-gcs-hugo-vous-presente-ses-meilleurs-voeux\/","url":"https:\/\/www.chu-hugo.fr\/accueil\/2022\/01\/20\/le-gcs-hugo-vous-presente-ses-meilleurs-voeux\/","name":"Le GCS HUGO vous pr\u00e9sente ses meilleurs v\u0153ux ! - Accueil GCS HUGO","isPartOf":{"@id":"https:\/\/www.chu-hugo.fr\/accueil\/#website"},"primaryImageOfPage":{"@id":"https:\/\/www.chu-hugo.fr\/accueil\/2022\/01\/20\/le-gcs-hugo-vous-presente-ses-meilleurs-voeux\/#primaryimage"},"image":{"@id":"https:\/\/www.chu-hugo.fr\/accueil\/2022\/01\/20\/le-gcs-hugo-vous-presente-ses-meilleurs-voeux\/#primaryimage"},"thumbnailUrl":"https:\/\/www.chu-hugo.fr\/accueil\/wp-content\/uploads\/sites\/2\/2022\/01\/voeux2022.jpg","datePublished":"2022-01-20T11:40:34+00:00","dateModified":"2022-01-20T11:40:35+00:00","author":{"@id":"https:\/\/www.chu-hugo.fr\/accueil\/#\/schema\/person\/c617814b73a37e5c239215d4853437f4"},"breadcrumb":{"@id":"https:\/\/www.chu-hugo.fr\/accueil\/2022\/01\/20\/le-gcs-hugo-vous-presente-ses-meilleurs-voeux\/#breadcrumb"},"inLanguage":"fr-FR","potentialAction":[{"@type":"ReadAction","target":["https:\/\/www.chu-hugo.fr\/accueil\/2022\/01\/20\/le-gcs-hugo-vous-presente-ses-meilleurs-voeux\/"]}]},{"@type":"ImageObject","inLanguage":"fr-FR","@id":"https:\/\/www.chu-hugo.fr\/accueil\/2022\/01\/20\/le-gcs-hugo-vous-presente-ses-meilleurs-voeux\/#primaryimage","url":"https:\/\/www.chu-hugo.fr\/accueil\/wp-content\/uploads\/sites\/2\/2022\/01\/voeux2022.jpg","contentUrl":"https:\/\/www.chu-hugo.fr\/accueil\/wp-content\/uploads\/sites\/2\/2022\/01\/voeux2022.jpg","width":794,"height":797},{"@type":"BreadcrumbList","@id":"https:\/\/www.chu-hugo.fr\/accueil\/2022\/01\/20\/le-gcs-hugo-vous-presente-ses-meilleurs-voeux\/#breadcrumb","itemListElement":[{"@type":"ListItem","position":1,"name":"Accueil","item":"https:\/\/www.chu-hugo.fr\/accueil\/"},{"@type":"ListItem","position":2,"name":"Ev\u00e9nements","item":"https:\/\/www.chu-hugo.fr\/accueil\/category\/evenements\/"},{"@type":"ListItem","position":3,"name":"Le GCS HUGO vous pr\u00e9sente ses meilleurs v\u0153ux !"}]},{"@type":"WebSite","@id":"https:\/\/www.chu-hugo.fr\/accueil\/#website","url":"https:\/\/www.chu-hugo.fr\/accueil\/","name":"Accueil GCS HUGO","description":"Un site utilisant Les sites de CHU HUGO","potentialAction":[{"@type":"SearchAction","target":{"@type":"EntryPoint","urlTemplate":"https:\/\/www.chu-hugo.fr\/accueil\/?s={search_term_string}"},"query-input":{"@type":"PropertyValueSpecification","valueRequired":true,"valueName":"search_term_string"}}],"inLanguage":"fr-FR"},{"@type":"Person","@id":"https:\/\/www.chu-hugo.fr\/accueil\/#\/schema\/person\/c617814b73a37e5c239215d4853437f4","name":"fpaolantoni","image":{"@type":"ImageObject","inLanguage":"fr-FR","@id":"https:\/\/www.chu-hugo.fr\/accueil\/#\/schema\/person\/image\/","url":"https:\/\/secure.gravatar.com\/avatar\/f84081f2402841414e3c789999164215de3ec583e12cf3629f927a86ba2d1aeb?s=96&d=mm&r=g","contentUrl":"https:\/\/secure.gravatar.com\/avatar\/f84081f2402841414e3c789999164215de3ec583e12cf3629f927a86ba2d1aeb?s=96&d=mm&r=g","caption":"fpaolantoni"},"url":"https:\/\/www.chu-hugo.fr\/accueil\/author\/fpaolantoni\/"}]}},"_links":{"self":[{"href":"https:\/\/www.chu-hugo.fr\/accueil\/wp-json\/wp\/v2\/posts\/2826","targetHints":{"allow":["GET"]}}],"collection":[{"href":"https:\/\/www.chu-hugo.fr\/accueil\/wp-json\/wp\/v2\/posts"}],"about":[{"href":"https:\/\/www.chu-hugo.fr\/accueil\/wp-json\/wp\/v2\/types\/post"}],"author":[{"embeddable":true,"href":"https:\/\/www.chu-hugo.fr\/accueil\/wp-json\/wp\/v2\/users\/8"}],"replies":[{"embeddable":true,"href":"https:\/\/www.chu-hugo.fr\/accueil\/wp-json\/wp\/v2\/comments?post=2826"}],"version-history":[{"count":13,"href":"https:\/\/www.chu-hugo.fr\/accueil\/wp-json\/wp\/v2\/posts\/2826\/revisions"}],"predecessor-version":[{"id":2840,"href":"https:\/\/www.chu-hugo.fr\/accueil\/wp-json\/wp\/v2\/posts\/2826\/revisions\/2840"}],"wp:featuredmedia":[{"embeddable":true,"href":"https:\/\/www.chu-hugo.fr\/accueil\/wp-json\/wp\/v2\/media\/2827"}],"wp:attachment":[{"href":"https:\/\/www.chu-hugo.fr\/accueil\/wp-json\/wp\/v2\/media?parent=2826"}],"wp:term":[{"taxonomy":"category","embeddable":true,"href":"https:\/\/www.chu-hugo.fr\/accueil\/wp-json\/wp\/v2\/categories?post=2826"},{"taxonomy":"post_tag","embeddable":true,"href":"https:\/\/www.chu-hugo.fr\/accueil\/wp-json\/wp\/v2\/tags?post=2826"}],"curies":[{"name":"wp","href":"https:\/\/api.w.org\/{rel}","templated":true}]}}